{"id":230,"date":"2014-12-14T15:25:06","date_gmt":"2014-12-14T14:25:06","guid":{"rendered":"http:\/\/brattensby.se\/?p=230"},"modified":"2021-10-24T12:50:08","modified_gmt":"2021-10-24T11:50:08","slug":"biogasen-minskar-utslappen-nastan-dubbelt","status":"publish","type":"post","link":"http:\/\/brattensby.se\/?p=230","title":{"rendered":"Biogasen minskar utsl\u00e4ppen n\u00e4stan dubbelt"},"content":{"rendered":"<div id=\"attachment_236\" style=\"width: 670px\" class=\"wp-caption alignnone\"><a href=\"http:\/\/brattensby.se\/wp-content\/uploads\/2014\/12\/IMG_5850.jpg\"><img loading=\"lazy\" decoding=\"async\" aria-describedby=\"caption-attachment-236\" class=\"wp-image-236 size-large\" src=\"http:\/\/brattensby.se\/wp-content\/uploads\/2014\/12\/IMG_5850-1024x682.jpg\" alt=\"IMG_5850\" width=\"660\" height=\"439\" srcset=\"http:\/\/brattensby.se\/wp-content\/uploads\/2014\/12\/IMG_5850-1024x682.jpg 1024w, http:\/\/brattensby.se\/wp-content\/uploads\/2014\/12\/IMG_5850-150x100.jpg 150w, http:\/\/brattensby.se\/wp-content\/uploads\/2014\/12\/IMG_5850-300x200.jpg 300w\" sizes=\"auto, (max-width: 660px) 100vw, 660px\" \/><\/a><p id=\"caption-attachment-236\" class=\"wp-caption-text\">Tobias ber\u00e4ttar om hur anl\u00e4ggningen fungerar. I bakgrunden ser vi en av reaktorerna med fastmaterialp\u00e5fyllare framf\u00f6r<\/p><\/div>\n<p>Fredagen den 12 december p\u00e5 eftermiddagen hade LRF och Hush\u00e5llningss\u00e4llskapet Kullings gille ordnat ett studiebes\u00f6k p\u00e5 Biogasanl\u00e4ggningen i Tumberg. Vi i Br\u00e5ttensby hade m\u00f6jlighet att medverka och vi p\u00e5 Guntorpsg\u00e5rdarna var v\u00e4lrepresenterade.<\/p>\n<div id=\"attachment_237\" style=\"width: 210px\" class=\"wp-caption alignleft\"><a href=\"http:\/\/brattensby.se\/wp-content\/uploads\/2014\/12\/IMG_5852.jpg\"><img loading=\"lazy\" decoding=\"async\" aria-describedby=\"caption-attachment-237\" class=\"wp-image-237 size-medium\" src=\"http:\/\/brattensby.se\/wp-content\/uploads\/2014\/12\/IMG_5852-200x300.jpg\" alt=\"IMG_5852\" width=\"200\" height=\"300\" srcset=\"http:\/\/brattensby.se\/wp-content\/uploads\/2014\/12\/IMG_5852-200x300.jpg 200w, http:\/\/brattensby.se\/wp-content\/uploads\/2014\/12\/IMG_5852-100x150.jpg 100w, http:\/\/brattensby.se\/wp-content\/uploads\/2014\/12\/IMG_5852-682x1024.jpg 682w\" sizes=\"auto, (max-width: 200px) 100vw, 200px\" \/><\/a><p id=\"caption-attachment-237\" class=\"wp-caption-text\">Tobias Kullingsj\u00f6<\/p><\/div>\n<p>&nbsp;<\/p>\n<p>Ordf\u00f6randen Tobias Kullingsj\u00f6 ber\u00e4ttade f\u00f6r oss om anl\u00e4ggningen, f\u00f6rst p\u00e5 V\u00e5rg\u00e5rdarasta och sedan p\u00e5 anl\u00e4ggningen. Det var en stolt ordf\u00f6rande som ber\u00e4ttade f\u00f6r oss om att anl\u00e4ggningen ger b\u00f6nderna en b\u00e4ttre g\u00f6dsel och att man minskar metangasl\u00e4ckan till luften. Om biogasen anv\u00e4nds f\u00f6r att driva fordon reduceras koldioxidutsl\u00e4ppen fr\u00e5n fordon och g\u00e5rdar med 180 %. Det l\u00e5ter kanske konstigt att minska n\u00e5got med mer \u00e4n 100 %. Procentsatsen ser s\u00e5 ut d\u00e4rf\u00f6r att h\u00e4r r\u00e4knas b\u00e5de de uteblivna fossila utsl\u00e4ppen och minskade metangasutsl\u00e4pp fr\u00e5n g\u00e5rden med. Metangas \u00e4r 20 g\u00e5nger v\u00e4rre som v\u00e4xthusgas koldioxid, s\u00e5 en omvandling till koldioxid \u00e4r bra. D\u00e4rf\u00f6r reducerar man \u00e5rligen koldioxidutsl\u00e4ppen med 8 000-10 000 ton CO2.<\/p>\n<p>&nbsp;<\/p>\n<p>&nbsp;<\/p>\n<p>&nbsp;<\/p>\n<p>&nbsp;<\/p>\n<p>&nbsp;<\/p>\n<div id=\"attachment_232\" style=\"width: 310px\" class=\"wp-caption alignnone\"><a href=\"http:\/\/brattensby.se\/wp-content\/uploads\/2014\/12\/IMG_5830.jpg\"><img loading=\"lazy\" decoding=\"async\" aria-describedby=\"caption-attachment-232\" class=\"wp-image-232 size-medium\" src=\"http:\/\/brattensby.se\/wp-content\/uploads\/2014\/12\/IMG_5830-300x298.jpg\" alt=\"IMG_5830\" width=\"300\" height=\"298\" srcset=\"http:\/\/brattensby.se\/wp-content\/uploads\/2014\/12\/IMG_5830-300x298.jpg 300w, http:\/\/brattensby.se\/wp-content\/uploads\/2014\/12\/IMG_5830-150x150.jpg 150w, http:\/\/brattensby.se\/wp-content\/uploads\/2014\/12\/IMG_5830-1024x1017.jpg 1024w, http:\/\/brattensby.se\/wp-content\/uploads\/2014\/12\/IMG_5830.jpg 1632w\" sizes=\"auto, (max-width: 300px) 100vw, 300px\" \/><\/a><p id=\"caption-attachment-232\" class=\"wp-caption-text\">En principiell bild p\u00e5 reaktorn<\/p><\/div>\n<p>Anl\u00e4ggningen kom ig\u00e5ng i slutet p\u00e5 januari och s\u00e4ljer biogasen till Fordonsgas som sedan s\u00e4ljer den i V\u00e5rg\u00e5rda och andra tankningsstationer i n\u00e4rheten. V\u00e5rg\u00e5rda buss k\u00f6r sina bussar p\u00e5 biogas och det kan s\u00e5 sm\u00e5ningom bli m\u00f6jligt att k\u00f6ra traktorer och lastbilar med biogas.<\/p>\n<p>&nbsp;<\/p>\n<div id=\"attachment_234\" style=\"width: 210px\" class=\"wp-caption alignright\"><a href=\"http:\/\/brattensby.se\/wp-content\/uploads\/2014\/12\/IMG_5841.jpg\"><img loading=\"lazy\" decoding=\"async\" aria-describedby=\"caption-attachment-234\" class=\"size-medium wp-image-234\" src=\"http:\/\/brattensby.se\/wp-content\/uploads\/2014\/12\/IMG_5841-200x300.jpg\" alt=\"Urlastningen av g\u00f6dseln  sker under tak i ett slutet utrymme\" width=\"200\" height=\"300\" srcset=\"http:\/\/brattensby.se\/wp-content\/uploads\/2014\/12\/IMG_5841-200x300.jpg 200w, http:\/\/brattensby.se\/wp-content\/uploads\/2014\/12\/IMG_5841-100x150.jpg 100w, http:\/\/brattensby.se\/wp-content\/uploads\/2014\/12\/IMG_5841-682x1024.jpg 682w\" sizes=\"auto, (max-width: 200px) 100vw, 200px\" \/><\/a><p id=\"caption-attachment-234\" class=\"wp-caption-text\">Urlastningen av g\u00f6dseln sker under tak i ett slutet utrymme<\/p><\/div>\n<div id=\"attachment_233\" style=\"width: 310px\" class=\"wp-caption alignleft\"><a href=\"http:\/\/brattensby.se\/wp-content\/uploads\/2014\/12\/IMG_5838.jpg\"><img loading=\"lazy\" decoding=\"async\" aria-describedby=\"caption-attachment-233\" class=\"wp-image-233 size-medium\" src=\"http:\/\/brattensby.se\/wp-content\/uploads\/2014\/12\/IMG_5838-300x200.jpg\" alt=\"IMG_5838\" width=\"300\" height=\"200\" srcset=\"http:\/\/brattensby.se\/wp-content\/uploads\/2014\/12\/IMG_5838-300x200.jpg 300w, http:\/\/brattensby.se\/wp-content\/uploads\/2014\/12\/IMG_5838-150x100.jpg 150w, http:\/\/brattensby.se\/wp-content\/uploads\/2014\/12\/IMG_5838-1024x682.jpg 1024w\" sizes=\"auto, (max-width: 300px) 100vw, 300px\" \/><\/a><p id=\"caption-attachment-233\" class=\"wp-caption-text\">Medan vi var p\u00e5 studiebes\u00f6k kom en last slakteriavfall som nu lastas ner i bass\u00e4ngen<\/p><\/div>\n<p>&nbsp;<\/p>\n<p>&nbsp;<\/p>\n<p>&nbsp;<\/p>\n<p>&nbsp;<\/p>\n<p>&nbsp;<\/p>\n<p>&nbsp;<\/p>\n<p>&nbsp;<\/p>\n<p>&nbsp;<\/p>\n<p>&nbsp;<\/p>\n<p>R\u00e5varan g\u00f6dsel kombineras med andra r\u00e5varor som slakteriavfall, restprodukter fr\u00e5n livsmedelsindustrin och gr\u00e4s f\u00f6r att \u00f6ka kolinneh\u00e5llet. Slam fr\u00e5n reningsverk f\u00e5r inte anv\u00e4ndas i anl\u00e4ggningen eftersom man inte kan kontrollera inneh\u00e5llet och att det d\u00e5 kan komma gifter i g\u00f6dseln. Salmonella och andra bakterier avd\u00f6das med uppv\u00e4rmning innan g\u00f6dseln tas in i reaktorerna.<\/p>\n<p>Anl\u00e4ggningen har tv\u00e5 produktionslinjer, en f\u00f6r ekologiskt odling och en f\u00f6r konventionell odling. Detta f\u00f6r att den ekologiska g\u00f6dseln skall g\u00e5 tillbaka till ekog\u00e5rdarna.<\/p>\n<p>Gasen som kommer fr\u00e5n reaktorerna avfuktas f\u00f6rst och sedan g\u00e5r gasen genom aktivt kol f\u00f6r att ta bort svavel. D\u00e4refter filtreras koldioxid bort med en ny typ av effektivt membran. Gasen har en koncentration p\u00e5 97 % n\u00e4r den g\u00e5r med 4 kilobars tryck till tappen i V\u00e5rg\u00e5rda i en slang. D\u00e4r \u00f6kas trycket till 200 kilobar f\u00f6r att kunna tanka bilar, bussar och containrar f\u00f6r leverans till andra tappar.<\/p>\n","protected":false},"excerpt":{"rendered":"<p>Fredagen den 12 december p\u00e5 eftermiddagen hade LRF och Hush\u00e5llningss\u00e4llskapet Kullings gille ordnat ett studiebes\u00f6k p\u00e5 Biogasanl\u00e4ggningen i Tumberg. Vi i Br\u00e5ttensby hade m\u00f6jlighet att medverka och vi p\u00e5 Guntorpsg\u00e5rdarna var v\u00e4lrepresenterade. &nbsp; Ordf\u00f6randen Tobias Kullingsj\u00f6 ber\u00e4ttade f\u00f6r oss om anl\u00e4ggningen, f\u00f6rst p\u00e5 V\u00e5rg\u00e5rdarasta och sedan p\u00e5 anl\u00e4ggningen. Det var en stolt ordf\u00f6rande som ber\u00e4ttade [&hellip;]<\/p>\n","protected":false},"author":1,"featured_media":0,"comment_status":"closed","ping_status":"closed","sticky":false,"template":"","format":"standard","meta":{"footnotes":""},"categories":[1],"tags":[],"class_list":["post-230","post","type-post","status-publish","format-standard","hentry","category-uncategorized","last-post"],"_links":{"self":[{"href":"http:\/\/brattensby.se\/index.php?rest_route=\/wp\/v2\/posts\/230","targetHints":{"allow":["GET"]}}],"collection":[{"href":"http:\/\/brattensby.se\/index.php?rest_route=\/wp\/v2\/posts"}],"about":[{"href":"http:\/\/brattensby.se\/index.php?rest_route=\/wp\/v2\/types\/post"}],"author":[{"embeddable":true,"href":"http:\/\/brattensby.se\/index.php?rest_route=\/wp\/v2\/users\/1"}],"replies":[{"embeddable":true,"href":"http:\/\/brattensby.se\/index.php?rest_route=%2Fwp%2Fv2%2Fcomments&post=230"}],"version-history":[{"count":8,"href":"http:\/\/brattensby.se\/index.php?rest_route=\/wp\/v2\/posts\/230\/revisions"}],"predecessor-version":[{"id":247,"href":"http:\/\/brattensby.se\/index.php?rest_route=\/wp\/v2\/posts\/230\/revisions\/247"}],"wp:attachment":[{"href":"http:\/\/brattensby.se\/index.php?rest_route=%2Fwp%2Fv2%2Fmedia&parent=230"}],"wp:term":[{"taxonomy":"category","embeddable":true,"href":"http:\/\/brattensby.se\/index.php?rest_route=%2Fwp%2Fv2%2Fcategories&post=230"},{"taxonomy":"post_tag","embeddable":true,"href":"http:\/\/brattensby.se\/index.php?rest_route=%2Fwp%2Fv2%2Ftags&post=230"}],"curies":[{"name":"wp","href":"https:\/\/api.w.org\/{rel}","templated":true}]}}